{"id":2104,"date":"2014-05-19T08:31:52","date_gmt":"2014-05-19T06:31:52","guid":{"rendered":"https:\/\/anfe.it\/?p=2104"},"modified":"2019-10-10T18:51:16","modified_gmt":"2019-10-10T16:51:16","slug":"paraskillscompetition_erasmusplus","status":"publish","type":"post","link":"https:\/\/anfe.it\/?p=2104","title":{"rendered":"<b>L&#8217;Anfe in Erasmus+<\/b><br> per l&#8217;inserimento<br>dei disabili<br>nel mercato del lavoro"},"content":{"rendered":"<section class=\"wpb-content-wrapper\"><p>[vc_row][vc_column width=&#8221;1\/4&#8243;][vc_single_image image=&#8221;3141&#8243; css_animation=&#8221;appear&#8221; alignment=&#8221;center&#8221; style=&#8221;vc_box_shadow&#8221; border_color=&#8221;grey&#8221; img_link_target=&#8221;_self&#8221; img_size=&#8221;195&#215;195&#8243;][\/vc_column][vc_column width=&#8221;3\/4&#8243;][vc_column_text]<\/p>\n<h3>Una partnership\u00a0<span style=\"font-size: 1.17em; font-weight: normal;\">multinazionale\u00a0<\/span><span style=\"font-size: 1.17em; font-weight: normal;\">strategica\u00a0<\/span><\/h3>\n<p>[\/vc_column_text]<div class=\"gap\" style=\"line-height: 10px; height: 10px;\"><\/div><div class=\"hr-thin style-dotted\" style=\"width: 100%;border-top-width: 1px;\"><\/div><div class=\"gap\" style=\"line-height: 10px; height: 10px;\"><\/div>[vc_column_text]<\/p>\n<p style=\"text-align: justify;\">Grazie ad una partnership strategica tra Italia, Olanda, Germania, Bulgaria e Slovenia, l&#8217;A.N.F.E. Nazionale (rappresentante per l&#8217;Italia) ha partecipato all&#8217;ultima call del programma <strong>Erasmus + 2013<\/strong> con il progetto &#8220;<strong>Para Skills Competition (PSC)<\/strong>&#8221; nell&#8217;ambito dell&#8217;azione <strong>Cooperation for innovation and exchange of good practices<\/strong> nel campo dell&#8217;Educazione per gli adulti.<\/p>\n<p style=\"text-align: justify;\">Scopo del progetto \u00e8 quello di incrementare l&#8217;ingresso dei disabili nel mondo del lavoro dimostrandone le abilit\u00e0 professionali tramite le competizioni europee per disabili.<\/p>\n<p>Nell\u2019UE in media il 47% delle persone con disabilit\u00e0 sono occupate, ma quando si parla di persone con disabilit\u00e0 gravi solo il 28% risulta occupato. Questo \u00e8 in netto contrasto con il 67% del tasso di occupazione delle persone senza disabilit\u00e0. La partecipazione socioeconomica deve essere incrementata in modo tale che un numero maggiore di persone possano accedere al mercato del lavoro, diminuendo la spesa sociale. Offrire le stesse possibilit\u00e0 alle persone con disabilit\u00e0 di accedere al mercato del lavoro non \u00e8 cosa comune, poich\u00e9 a causa della crisi economica \u00e8 facile che questi ne restino esclusi. C\u2019\u00e8 necessit\u00e0 di un sopporto pi\u00f9 mirato e strutturato di quello usato per gli altri gruppi obiettivo, specialmente in fase di recessione economica.<\/p>\n<p><strong>Obiettivi del Paraskills<\/strong><\/p>\n<p>Attraverso gli obiettivi del progetto Paraskills puntiamo a:<\/p>\n<ol>\n<li>Migliorare la partecipazione socioeconomica dei lavoratori con disabilit\u00e0, in maniera organizzata e sostenibile.<\/li>\n<li>Incrementare le possibilit\u00e0 di apprendimento permanente (competenze di base e professionali) sul lavoro per le persone con disabilit\u00e0.<\/li>\n<li>Valorizzare l\u2019immagine e contrastare gli stereotipi dei lavoratori con disabilit\u00e0.<\/li>\n<li>Incrementare le competenze di base e professionali dei lavoratori con disabilit\u00e0.<\/li>\n<li>Migliorare le informazioni e le comunicazioni tra il mercato del lavoro e le persone con disabilit\u00e0.<\/li>\n<li>Incrementare la certificazione formale delle competenze (ECVET) per le persone con una disabilit\u00e0 secondo il Quadro di Riferimento Europeo.<\/li>\n<li>Creare un format per gare di abilit\u00e0 ripetute periodicamente.<\/li>\n<li>Promuovere dei modelli di ruolo per lavoratori con disabilit\u00e0.<\/li>\n<\/ol>\n<p><strong>Il modello delle <em>Paraskills competition<\/em> <\/strong><\/p>\n<p>Il progetto preparer\u00e0 il terreno per gli eventi delle gare nazionali ed Europee per lavoratori con disabilit\u00e0, per creare e promuovere dei modelli di ruolo e stimolare nei datori di lavoro un approccio positivo nei confronti delle persone con disabilit\u00e0.<\/p>\n<p style=\"text-align: justify;\">La competizione utilizzer\u00e0 i modelli gi\u00e0 provati nelle gare di abilit\u00e0 e i piani includeranno un ciclo di due anni di competizioni.<\/p>\n<p><strong>Certificazione ECVET\/EQF<\/strong><\/p>\n<p>I lavori con disabilit\u00e0 hanno molte competenze, ma spesso poco o per nulla certificate, a causa della prematura uscita dal sistema scolastico tradizionale o per altre ragioni sociali e mediche; questo li allontana dal mercato del lavoro, mentre la conformit\u00e0 alla certificazione formale delle competenze e il riferimento al Quadro europeo delle qualifiche ne aumenterebbero le possibilit\u00e0 di inserimento.<\/p>\n<p style=\"text-align: justify;\"><a href=\"http:\/\/paraskillsproject.eu\">Visita il sito<\/a><\/p>\n<p>[\/vc_column_text]<div class=\"gap\" style=\"line-height: 10px; height: 10px;\"><\/div><div class=\"hr-thin style-dotted\" style=\"width: 100%;border-top-width: 1px;\"><\/div><div class=\"gap\" style=\"line-height: 10px; height: 10px;\"><\/div>[vc_column_text]Scarica la brochure del progetto\u00a0<a href=\"https:\/\/anfe.it\/wp-content\/uploads\/2014\/05\/Paraskills-flyer-ITA.pdf\">Paraskills-flyer-ITA<\/a>[\/vc_column_text]<div class=\"gap\" style=\"line-height: 10px; height: 10px;\"><\/div><div class=\"hr-thin style-dotted\" style=\"width: 100%;border-top-width: 1px;\"><\/div><div class=\"gap\" style=\"line-height: 20px; height: 20px;\"><\/div>[\/vc_column][\/vc_row]<\/p>\n<\/section>","protected":false},"excerpt":{"rendered":"<p>[vc_row][vc_column width=&#8221;1\/4&#8243;][vc_single_image image=&#8221;3141&#8243; css_animation=&#8221;appear&#8221; alignment=&#8221;center&#8221; style=&#8221;vc_box_shadow&#8221; border_color=&#8221;grey&#8221; img_link_target=&#8221;_self&#8221; img_size=&#8221;195&#215;195&#8243;][\/vc_column][vc_column width=&#8221;3\/4&#8243;][vc_column_text] Una partnership\u00a0multinazionale\u00a0strategica\u00a0 [\/vc_column_text][vc_column_text] Grazie ad una partnership strategica tra Italia, Olanda, Germania, Bulgaria e Slovenia, l&#8217;A.N.F.E. Nazionale (rappresentante per l&#8217;Italia) ha partecipato all&#8217;ultima call del programma Erasmus + 2013 con il progetto &#8220;Para Skills Competition (PSC)&#8221; nell&#8217;ambito dell&#8217;azione Cooperation for innovation and exchange of good&hellip;<\/p>\n","protected":false},"author":1,"featured_media":2105,"comment_status":"closed","ping_status":"open","sticky":false,"template":"","format":"standard","meta":{"cybocfi_hide_featured_image":"","footnotes":""},"categories":[44],"tags":[],"class_list":["post-2104","post","type-post","status-publish","format-standard","has-post-thumbnail","hentry","category-news","category-44","description-off"],"_links":{"self":[{"href":"https:\/\/anfe.it\/index.php?rest_route=\/wp\/v2\/posts\/2104","targetHints":{"allow":["GET"]}}],"collection":[{"href":"https:\/\/anfe.it\/index.php?rest_route=\/wp\/v2\/posts"}],"about":[{"href":"https:\/\/anfe.it\/index.php?rest_route=\/wp\/v2\/types\/post"}],"author":[{"embeddable":true,"href":"https:\/\/anfe.it\/index.php?rest_route=\/wp\/v2\/users\/1"}],"replies":[{"embeddable":true,"href":"https:\/\/anfe.it\/index.php?rest_route=%2Fwp%2Fv2%2Fcomments&post=2104"}],"version-history":[{"count":0,"href":"https:\/\/anfe.it\/index.php?rest_route=\/wp\/v2\/posts\/2104\/revisions"}],"wp:featuredmedia":[{"embeddable":true,"href":"https:\/\/anfe.it\/index.php?rest_route=\/wp\/v2\/media\/2105"}],"wp:attachment":[{"href":"https:\/\/anfe.it\/index.php?rest_route=%2Fwp%2Fv2%2Fmedia&parent=2104"}],"wp:term":[{"taxonomy":"category","embeddable":true,"href":"https:\/\/anfe.it\/index.php?rest_route=%2Fwp%2Fv2%2Fcategories&post=2104"},{"taxonomy":"post_tag","embeddable":true,"href":"https:\/\/anfe.it\/index.php?rest_route=%2Fwp%2Fv2%2Ftags&post=2104"}],"curies":[{"name":"wp","href":"https:\/\/api.w.org\/{rel}","templated":true}]}}