{"id":3600,"date":"2016-04-30T17:55:54","date_gmt":"2016-04-30T15:55:54","guid":{"rendered":"https:\/\/anfe.it\/?p=3600"},"modified":"2016-05-01T06:48:19","modified_gmt":"2016-05-01T04:48:19","slug":"il-saluto-al-presidentelearco-saporito","status":"publish","type":"post","link":"https:\/\/anfe.it\/?p=3600","title":{"rendered":"<b>Il saluto al Presidente onorario<br>Learco Saporito<\/b>"},"content":{"rendered":"<section class=\"wpb-content-wrapper\"><p>[vc_row][vc_column width=&#8221;1\/1&#8243;][vc_column_text]<\/p>\n<h4>Si \u00e8 spento oggi, sabato 30 aprile 2016 il presidente Learco Saporito.<br \/>\nIl saluto del Presidente nazionale\u00a0ANFE Paolo Genco<\/h4>\n<p>[\/vc_column_text]<div class=\"gap\" style=\"line-height: 10px; height: 10px;\"><\/div><div class=\"hr-thin style-dotted\" style=\"width: 100%;border-top-width: 1px;\"><\/div><div class=\"gap\" style=\"line-height: 10px; height: 10px;\"><\/div>[\/vc_column][\/vc_row][vc_row][vc_column width=&#8221;1\/4&#8243;][vc_column_text]<img loading=\"lazy\" decoding=\"async\" class=\" wp-image-3642 size-full aligncenter\" src=\"https:\/\/anfe.it\/wp-content\/uploads\/2016\/04\/learco_saporito250.jpg\" alt=\"\" width=\"250\" height=\"297\" \/>[\/vc_column_text]<div class=\"gap\" style=\"line-height: 10px; height: 10px;\"><\/div>[\/vc_column][vc_column width=&#8221;3\/4&#8243;][vc_column_text]<\/p>\n<p style=\"text-align: justify;\"><img loading=\"lazy\" decoding=\"async\" class=\"alignleft size-full wp-image-3640\" src=\"https:\/\/anfe.it\/wp-content\/uploads\/2016\/04\/PaoloGenco.jpg\" alt=\"PaoloGenco\" width=\"80\" height=\"94\" \/>&#8220;Affranti\u00a0riceviamo la notizia della dipartita del Presidente onorario dell\u2019ANFE, <strong>Learco Saporito<\/strong>, onorevole deputato\u00a0e professore universitario di chiara fama che, con il suo rigore personale e professionale, ha condotto una vita di abnegazione e impegno al servizio del proprio Paese, sia in ambito sociale che politico e pubblico, senza mai risparmiarsi.<\/p>\n<p style=\"text-align: justify;\">Il cordoglio della famiglia dell\u2019ANFE \u00e8 unanime e diffuso in tutto il mondo, tra le comunit\u00e0 italiane presso le quali \u00e8 giunta voce dell\u2019impegno dell\u2019on. Saporito, quando non lui stesso in prima persona, per la nostra amata Patria.\u00a0E cos\u00ec in Italia, dove si uniscono al mio personale cordoglio i componenti del Direttivo nazionale, Matteo Iacovelli, Stefano Stanzione e Vittorio Sgroi e il Direttore Gaetano Cal\u00e0, nonch\u00e9 Lena Buonauro, compagna di tante battaglie a favore\u00a0delle famiglie degli emigrati italiani all\u2019estero, e Serafino Patrizio che con Goffredo Palmerini hanno seguito Saporito fin\u00a0dall\u2019inizio della sua Presidenza nazionale, quali tramite con l\u2019ANFE in Abruzzo, luogo che diede i natali alla nostra fondatrice Maria Federici Agamben.<\/p>\n<p style=\"text-align: justify;\">Le nostre pi\u00f9 sentite condoglianze vanno alla moglie Grazia e ai figli di Learco, i quali hanno l\u2019onere di conservare la memoria di cotanto uomo e padre, proprio come faremo noi all\u2019ANFE, dove tutti i soci, in Italia come all\u2019estero, porteranno\u00a0avanti l\u2019opera associativa nel ricordo di uno dei suoi storici Presidenti&#8221;.<\/p>\n<p>[\/vc_column_text]<div class=\"gap\" style=\"line-height: 10px; height: 10px;\"><\/div>[\/vc_column][\/vc_row][vc_row][vc_column width=&#8221;1\/4&#8243;][\/vc_column][vc_column width=&#8221;1\/4&#8243;][\/vc_column][vc_column width=&#8221;1\/4&#8243;][\/vc_column][vc_column width=&#8221;1\/4&#8243;][vc_column_text]<\/p>\n<h5>Con cordoglio e stima,<br \/>\nil Presidente nazionale<br \/>\n<strong>Paolo Genco\u00a0<\/strong>e tutta la\u00a0famiglia ANFE<\/h5>\n<p>[\/vc_column_text][\/vc_column][\/vc_row][vc_row][vc_column width=&#8221;1\/1&#8243;]<div class=\"gap\" style=\"line-height: 35px; height: 35px;\"><\/div><div class=\"hr-thin style-line\" style=\"width: 100%;border-top-width: 1px;\"><\/div><div class=\"gap\" style=\"line-height: 25px; height: 25px;\"><\/div>[\/vc_column][\/vc_row][vc_row][vc_column width=&#8221;1\/4&#8243;][\/vc_column][vc_column width=&#8221;3\/4&#8243;][vc_column_text]<\/p>\n<h3 style=\"text-align: justify;\"><strong>Chi era Learco Saporito<\/strong><\/h3>\n<h3 style=\"text-align: justify;\"><img loading=\"lazy\" decoding=\"async\" class=\"alignleft size-full wp-image-3621\" src=\"https:\/\/anfe.it\/wp-content\/uploads\/2016\/04\/Iacovelli_Saporito_Genco-250.jpg\" alt=\"\" width=\"250\" height=\"162\" \/><\/h3>\n<p style=\"text-align: justify;\">Il prof. <strong>Learco Saporito<\/strong> era nato a Scafati, in provincia di Salerno, il 17 Ottobre 1936.\u00a0Laureato in Giurisprudenza con il massimo dei voti presso l\u2019Universit\u00e0 di Napoli nel 1960, si specializza in Diritto Pubblico presso l\u2019Universit\u00e0 \u201cLa Sapienza\u201d di Roma, dove svolge attivit\u00e0 di assistente fin dall\u2019inizio degli anni \u201970 presso la Cattedra di Diritto Pubblico Regionale della Facolt\u00e0 di Giurisprudenza di Teramo e successivamente presso la Facolt\u00e0 di Giurisprudenza dell\u2019Universit\u00e0 di Salerno. Docente di Diritto Parlamentare prima e di Diritto Pubblico degli Enti locali in seguito, presso la Facolt\u00e0 di Scienze Politiche dell\u2019Universit\u00e0 di Viterbo, dal\u00a01974 al\u00a01979, diventa anche Ordinario di Diritto Pubblico presso l\u2019Universit\u00e0 Telematica delle Scienze Umane \u201cN.Cusano\u201d Roma.\u00a0\u00c8 stato inoltre Professore incaricato di Diritto Costituzionale presso l\u2019Universit\u00e0 di Teramo nel 1995-1996 e\u00a0Professore Associato di Diritto Regionale presso la Facolt\u00e0 di Giurisprudenza dell\u2019Universit\u00e0 di Teramo, nonch\u00e9 Docente Stabile della Scuola Superiore della Pubblica Amministrazione di Roma.\u00a0Iscritto all\u2019Albo degli avvocati dal febbraio 1967.<\/p>\n<p style=\"text-align: justify;\"><strong><img loading=\"lazy\" decoding=\"async\" class=\" wp-image-3604 size-full alignleft\" src=\"https:\/\/anfe.it\/wp-content\/uploads\/2016\/04\/LearcoSaporito1.jpg\" alt=\"\" width=\"250\" height=\"179\" \/><\/strong><strong>Incarichi istituzionali ed attivit\u00e0 parlamentare<\/strong><\/p>\n<p style=\"text-align: justify;\">Nella VIII e IX legislatura \u00e8 stato membro delle Commissioni affari costituzionali, difesa, della Commissione speciale eventi sismici, della Commissione parlamentare sul fenomeno della mafia, della Commissione pubblica istruzione.\u00a0Nella X legislatura \u00e8 stato Sottosegretario di Stato alla Presidenza del Consiglio dei Ministri dal 30.7.1987 al 13.4.1988 (I Governo Goria) e dal 15.4.1988 al 2.6.1989 (I Governo De Mita), Sottosegretario di Stato per l&#8217;Universit\u00e0 e ricerca scientifica e tecnologica dal 2.6.1989 al 22.7.1989 (I Governo De Mita ), riconfermato nel VI e VII Governo Andreotti.<br \/>\nNella XI legislatura ha fatto parte della Commissione affari costituzionali, affari della Presidenza del Consiglio e dell&#8217;interno. \u00c8 stato membro della Giunta delle elezioni e delle immunit\u00e0 parlamentari, del Comitato parlamentare per i procedimenti di accusa e della Commissione parlamentare per le riforme costituzionali.<br \/>\nNella XIV legislatura \u00e8 stato nominato Sottosegretario di Stato alla funzione pubblica nel Governo Berlusconi.<br \/>\nNella XV legislatura 2006 \u00e8 stato rieletto Senatore. Membro della Commissione Affari Costituzionali e del Comitato per le questioni degli italiani all\u2019estero e Vice Presidente della Commissione Contenziosa del Senato.<\/p>\n<h4 style=\"text-align: justify;\"><strong>Attivit\u00e0 sociali e <del><\/del>culturali<\/strong><\/h4>\n<p style=\"text-align: justify;\">\u00c8 stato Presidente nazionale dell&#8217;Associazione Nazionale Famiglie degli Emigrati (ANFE) dal 1981 al 2010. Successivamente ne \u00e8 divenuto Presidente onorario.<\/p>\n<p>[\/vc_column_text][\/vc_column][\/vc_row][vc_row][vc_column width=&#8221;1\/1&#8243;]<div class=\"gap\" style=\"line-height: 35px; height: 35px;\"><\/div><div class=\"gap\" style=\"line-height: 25px; height: 25px;\"><\/div>[\/vc_column][\/vc_row]<\/p>\n<\/section>","protected":false},"excerpt":{"rendered":"<p>[vc_row][vc_column width=&#8221;1\/1&#8243;][vc_column_text] Si \u00e8 spento oggi, sabato 30 aprile 2016 il presidente Learco Saporito. Il saluto del Presidente nazionale\u00a0ANFE Paolo Genco [\/vc_column_text][\/vc_column][\/vc_row][vc_row][vc_column width=&#8221;1\/4&#8243;][vc_column_text][\/vc_column_text][\/vc_column][vc_column width=&#8221;3\/4&#8243;][vc_column_text] &#8220;Affranti\u00a0riceviamo la notizia della dipartita del Presidente onorario dell\u2019ANFE, Learco Saporito, onorevole deputato\u00a0e professore universitario di chiara fama che, con il suo rigore personale e professionale, ha condotto una vita di&hellip;<\/p>\n","protected":false},"author":1,"featured_media":3606,"comment_status":"open","ping_status":"closed","sticky":false,"template":"","format":"standard","meta":{"cybocfi_hide_featured_image":"","footnotes":""},"categories":[43],"tags":[],"class_list":["post-3600","post","type-post","status-publish","format-standard","has-post-thumbnail","hentry","category-focus-italia","category-43","description-off"],"_links":{"self":[{"href":"https:\/\/anfe.it\/index.php?rest_route=\/wp\/v2\/posts\/3600","targetHints":{"allow":["GET"]}}],"collection":[{"href":"https:\/\/anfe.it\/index.php?rest_route=\/wp\/v2\/posts"}],"about":[{"href":"https:\/\/anfe.it\/index.php?rest_route=\/wp\/v2\/types\/post"}],"author":[{"embeddable":true,"href":"https:\/\/anfe.it\/index.php?rest_route=\/wp\/v2\/users\/1"}],"replies":[{"embeddable":true,"href":"https:\/\/anfe.it\/index.php?rest_route=%2Fwp%2Fv2%2Fcomments&post=3600"}],"version-history":[{"count":0,"href":"https:\/\/anfe.it\/index.php?rest_route=\/wp\/v2\/posts\/3600\/revisions"}],"wp:featuredmedia":[{"embeddable":true,"href":"https:\/\/anfe.it\/index.php?rest_route=\/wp\/v2\/media\/3606"}],"wp:attachment":[{"href":"https:\/\/anfe.it\/index.php?rest_route=%2Fwp%2Fv2%2Fmedia&parent=3600"}],"wp:term":[{"taxonomy":"category","embeddable":true,"href":"https:\/\/anfe.it\/index.php?rest_route=%2Fwp%2Fv2%2Fcategories&post=3600"},{"taxonomy":"post_tag","embeddable":true,"href":"https:\/\/anfe.it\/index.php?rest_route=%2Fwp%2Fv2%2Ftags&post=3600"}],"curies":[{"name":"wp","href":"https:\/\/api.w.org\/{rel}","templated":true}]}}