{"id":3716,"date":"2016-09-05T02:10:23","date_gmt":"2016-09-05T00:10:23","guid":{"rendered":"https:\/\/anfe.it\/?p=3716"},"modified":"2016-09-05T02:47:13","modified_gmt":"2016-09-05T00:47:13","slug":"ilaria-marinellimigrazioni-illustrate-2","status":"publish","type":"post","link":"https:\/\/anfe.it\/?p=3716","title":{"rendered":"<b>Ilaria Marinelli<br><\/b>Migrazioni illustrate"},"content":{"rendered":"<section class=\"wpb-content-wrapper\"><p>[vc_row][vc_column width=&#8221;1\/4&#8243;][vc_column_text]<\/p>\n<p style=\"text-align: center;\"><img loading=\"lazy\" decoding=\"async\" class=\"aligncenter size-full wp-image-3666\" src=\"https:\/\/anfe.it\/wp-content\/uploads\/2016\/06\/anfe.jpg\" alt=\"anfe\" width=\"169\" height=\"45\" \/><\/p>\n<p style=\"text-align: center;\">\n<div class=\"hr-thin\"><\/div>\n<p><img loading=\"lazy\" decoding=\"async\" class=\"aligncenter wp-image-3714\" src=\"https:\/\/anfe.it\/wp-content\/uploads\/2016\/09\/Side_IlariaMarinelli_feat.png\" alt=\"Side_IlariaMarinelli_feat\" width=\"250\" height=\"560\" \/>[\/vc_column_text]<div class=\"gap\" style=\"line-height: 25px; height: 25px;\"><\/div>[\/vc_column][vc_column width=&#8221;3\/4&#8243;][vc_column_text]<\/p>\n<h4>Presentazione del libro &#8220;All&#8217;inizio era una valigia di cartone&#8221;\u00a0a\u00a0&#8220;la Feltrinelli&#8221; di Palermo<\/h4>\n<p>[\/vc_column_text]<div class=\"gap\" style=\"line-height: 10px; height: 10px;\"><\/div><div class=\"hr-thin style-dotted\" style=\"width: 100%;border-top-width: 1px;\"><\/div><div class=\"gap\" style=\"line-height: 10px; height: 10px;\"><\/div>[vc_column_text]<\/p>\n<h3>Quando i migranti eravamo noi<\/h3>\n<p>[\/vc_column_text]<div class=\"gap\" style=\"line-height: 10px; height: 10px;\"><\/div>[vc_column_text]<\/p>\n<p style=\"text-align: justify;\">Una giovane artista romana, illustratrice e scrittrice, ci riporta una testimonianza che proviene dal suo personalissimo &#8220;cassetto delle memorie&#8221;: un cassetto\u00a0che,\u00a0quasi certamente, pu\u00f2 essere condiviso con quello\u00a0di moltissimi altri italiani.<\/p>\n<p style=\"text-align: justify;\">\u00c8 una storia di migrazione illustrata e\u00a0filtrata &#8211; \u00e8 vero &#8211; attraverso la sensibilit\u00e0 dell&#8217;artista ma che, in questo momento storico di mutazione dei fenomeni migratori, non pu\u00f2 che farci riflettere, ancora una volta, su &#8220;&#8230;quando i migranti eravamo noi&#8221;.<\/p>\n<p style=\"text-align: justify;\"><strong>Gioved\u00ec 8 settembre<\/strong>, alle ore 18.00, presso &#8220;la Feltrinelli&#8221; di via Cavour, a Palermo, si svolger\u00e0 la presentazione del libro &#8220;<strong>All&#8217;inizio era una valigia di cartone<\/strong>&#8221; (Secop Edizioni, Corato, Bari), scritto e illustrato da <strong>Ilaria Marinelli<\/strong>.<\/p>\n<p style=\"text-align: justify;\">L&#8217;evento si inserisce nel contesto della collaborazione tra l&#8217;Anfe Regionale Sicilia e <a href=\"http:\/\/www.illustramente.it\/blog\" target=\"_blank\"><strong>Illustramente &#8211; Festival dell&#8217;Illustrazione e dell&#8217;editoria per l&#8217;infanzia<\/strong><\/a>, e vedr\u00e0 la partecipazione del direttore nazionale Anfe <strong>Gaetano Cal\u00e0<\/strong>, dell&#8217;artista autrice del libro,\u00a0<strong>Ilaria Marinelli<\/strong> e di <strong>Rosanna Maranto<\/strong>, direttore artistico di Illustramente.<\/p>\n<p>[\/vc_column_text]<div class=\"gap\" style=\"line-height: 20px; height: 20px;\"><\/div><div class=\"hr-thin style-dotted\" style=\"width: 100%;border-top-width: 1px;\"><\/div><div class=\"gap\" style=\"line-height: 10px; height: 10px;\"><\/div>[vc_column_text]<strong>ILARIA MARINELLI<\/strong><br \/>\n<strong> &#8220;ALL&#8217;INIZIO ERA UNA VALIGIA DI CARTONE&#8221;<\/strong><br \/>\n<strong> PRESENTAZIONE DEL LIBRO ILLUSTRATO<\/strong><\/p>\n<p><strong>GIOVED\u00ec 8 SETTEMBRE 2016 &#8211; ORE 18.00<\/strong><br \/>\n<strong> &#8220;LA FELTRINELLI&#8221; &#8211; VIA CAVOUR &#8211; PALERMO<\/strong><br \/>\n<strong> INGRESSO LIBERO<\/strong>[\/vc_column_text]<div class=\"gap\" style=\"line-height: 10px; height: 10px;\"><\/div>[\/vc_column][\/vc_row][vc_row][vc_column width=&#8221;1\/1&#8243;][vc_column_text]<br \/>\n[\/vc_column_text][\/vc_column][\/vc_row][vc_row][vc_column width=&#8221;1\/1&#8243;][vc_column_text]<br \/>\n[\/vc_column_text][\/vc_column][\/vc_row]<\/p>\n<\/section>","protected":false},"excerpt":{"rendered":"<p>[vc_row][vc_column width=&#8221;1\/4&#8243;][vc_column_text] [\/vc_column_text][\/vc_column][vc_column width=&#8221;3\/4&#8243;][vc_column_text] Presentazione del libro &#8220;All&#8217;inizio era una valigia di cartone&#8221;\u00a0a\u00a0&#8220;la Feltrinelli&#8221; di Palermo [\/vc_column_text][vc_column_text] Quando i migranti eravamo noi [\/vc_column_text][vc_column_text] Una giovane artista romana, illustratrice e scrittrice, ci riporta una testimonianza che proviene dal suo personalissimo &#8220;cassetto delle memorie&#8221;: un cassetto\u00a0che,\u00a0quasi certamente, pu\u00f2 essere condiviso con quello\u00a0di moltissimi altri italiani. \u00c8 una&hellip;<\/p>\n","protected":false},"author":1,"featured_media":3717,"comment_status":"closed","ping_status":"closed","sticky":false,"template":"","format":"standard","meta":{"cybocfi_hide_featured_image":"","footnotes":""},"categories":[43],"tags":[],"class_list":["post-3716","post","type-post","status-publish","format-standard","has-post-thumbnail","hentry","category-focus-italia","category-43","description-off"],"_links":{"self":[{"href":"https:\/\/anfe.it\/index.php?rest_route=\/wp\/v2\/posts\/3716","targetHints":{"allow":["GET"]}}],"collection":[{"href":"https:\/\/anfe.it\/index.php?rest_route=\/wp\/v2\/posts"}],"about":[{"href":"https:\/\/anfe.it\/index.php?rest_route=\/wp\/v2\/types\/post"}],"author":[{"embeddable":true,"href":"https:\/\/anfe.it\/index.php?rest_route=\/wp\/v2\/users\/1"}],"replies":[{"embeddable":true,"href":"https:\/\/anfe.it\/index.php?rest_route=%2Fwp%2Fv2%2Fcomments&post=3716"}],"version-history":[{"count":0,"href":"https:\/\/anfe.it\/index.php?rest_route=\/wp\/v2\/posts\/3716\/revisions"}],"wp:featuredmedia":[{"embeddable":true,"href":"https:\/\/anfe.it\/index.php?rest_route=\/wp\/v2\/media\/3717"}],"wp:attachment":[{"href":"https:\/\/anfe.it\/index.php?rest_route=%2Fwp%2Fv2%2Fmedia&parent=3716"}],"wp:term":[{"taxonomy":"category","embeddable":true,"href":"https:\/\/anfe.it\/index.php?rest_route=%2Fwp%2Fv2%2Fcategories&post=3716"},{"taxonomy":"post_tag","embeddable":true,"href":"https:\/\/anfe.it\/index.php?rest_route=%2Fwp%2Fv2%2Ftags&post=3716"}],"curies":[{"name":"wp","href":"https:\/\/api.w.org\/{rel}","templated":true}]}}